{"id":119845,"date":"2022-08-19T16:46:06","date_gmt":"2022-08-19T16:46:06","guid":{"rendered":"https:\/\/same-group.com\/1-pedalo-grand-prix\/"},"modified":"2023-01-21T11:23:17","modified_gmt":"2023-01-21T11:23:17","slug":"1-pedalo-grand-prix","status":"publish","type":"post","link":"https:\/\/same-group.com\/de\/1-pedalo-grand-prix\/","title":{"rendered":"1. PEDALO Grand-Prix"},"content":{"rendered":"<p>1. PEDALO GRAND PRIX VON CRANS-MONTANA<\/p>\n<p>VIVA CON AGUA X VISION ART FESTIVAL<\/p>\n<p>LAC GRENON &#8211; 20.08.22<\/p>\n<p>DAS VERR\u00dcCKTESTE UND LUSTIGSTE EVENT DES JAHRES IST DA!<\/p>\n<p>VIVA CON AGUA SCHWEIZ UND DAS VISION ART FESTIVAL LADEN DICH EIN, DAS TEAM (4 HOMOS SAPIENS) ZU BILDEN, DAS DURCH DAS GROSSE TOR DES PEDALOS, IN DIE GESCHICHTE DES WASSERSPORTS EINGEHT (ODER DURCH DEN EINGANG DER K\u00dcNSTLER, INDEM DU AUF DIE BESTE VERKLEIDUNG SETZT, BEIDE OPTIONEN SIND GLEICHZEITIG M\u00d6GLICH, TROTZ ALLER VORGEFASSTEN MEINUNGEN ZU DIESEM THEMA).<\/p>\n<p>SEGELT GEGEN ANDERE ST\u00c4LLE, UM DEN GRANDIOSEN PARCOURS AM LAC GRENON ZU BEW\u00c4LTIGEN. NIMM IN DER KATEGORIE FIRMA ODER FREUNDE TEIL UND MESSE DEINE HOFFNUNGEN MIT DENEN DER G\u00d6TTER DES OLYMPS.<\/p>\n<p>MUSIK, RACLETTE, COCKTAILS UND EIS STEHEN AUF DEM MEN\u00dcPLAN.<\/p>\n<p>DAS GELD F\u00dcR DEINE ANMELDUNG WIRD AN DAS PROJEKT &#8222;VIVA CON AGUA&#8220; IN S\u00dcDAFRIKA GESPENDET.<\/p>\n<p>DIE PREISVERLEIHUNG FINDET AUF DER B\u00dcHNE DES MITTSOMMERFESTES STATT.<\/p>\n<p>START DER RENNEN 9:00, ANMELDEGEB\u00dcHR 50 CHF PRO PEDALO.<\/p>\n<p>MELDE DICH PER E-MAIL AN: <a href=\"mailto:GP@SAME-GROUP.COM\">GP@SAME-GROUP.COM<\/a>[\/vc_column][vc_column width=&#8220;1\/2&#8243;][vc_single_image media=&#8220;118617&#8243; media_width_percent=&#8220;100&#8243; uncode_shortcode_id=&#8220;162775&#8243;]<\/p>\n","protected":false},"excerpt":{"rendered":"<p>1. PEDALO GRAND PRIX VON CRANS-MONTANA VIVA CON AGUA X VISION ART FESTIVAL LAC GRENON &#8211; 20.08.22 DAS VERR\u00dcCKTESTE UND [&hellip;]<\/p>\n","protected":false},"author":1,"featured_media":119780,"comment_status":"closed","ping_status":"closed","sticky":false,"template":"","format":"standard","meta":{"footnotes":""},"categories":[94,118,137],"tags":[],"class_list":["post-119845","post","type-post","status-publish","format-standard","has-post-thumbnail","hentry","category-sport","category-crans-montana","category-sport-de"],"_links":{"self":[{"href":"https:\/\/same-group.com\/de\/wp-json\/wp\/v2\/posts\/119845","targetHints":{"allow":["GET"]}}],"collection":[{"href":"https:\/\/same-group.com\/de\/wp-json\/wp\/v2\/posts"}],"about":[{"href":"https:\/\/same-group.com\/de\/wp-json\/wp\/v2\/types\/post"}],"author":[{"embeddable":true,"href":"https:\/\/same-group.com\/de\/wp-json\/wp\/v2\/users\/1"}],"replies":[{"embeddable":true,"href":"https:\/\/same-group.com\/de\/wp-json\/wp\/v2\/comments?post=119845"}],"version-history":[{"count":3,"href":"https:\/\/same-group.com\/de\/wp-json\/wp\/v2\/posts\/119845\/revisions"}],"predecessor-version":[{"id":119892,"href":"https:\/\/same-group.com\/de\/wp-json\/wp\/v2\/posts\/119845\/revisions\/119892"}],"wp:featuredmedia":[{"embeddable":true,"href":"https:\/\/same-group.com\/de\/wp-json\/wp\/v2\/media\/119780"}],"wp:attachment":[{"href":"https:\/\/same-group.com\/de\/wp-json\/wp\/v2\/media?parent=119845"}],"wp:term":[{"taxonomy":"category","embeddable":true,"href":"https:\/\/same-group.com\/de\/wp-json\/wp\/v2\/categories?post=119845"},{"taxonomy":"post_tag","embeddable":true,"href":"https:\/\/same-group.com\/de\/wp-json\/wp\/v2\/tags?post=119845"}],"curies":[{"name":"wp","href":"https:\/\/api.w.org\/{rel}","templated":true}]}}