{"id":119851,"date":"2022-08-01T12:39:07","date_gmt":"2022-08-01T12:39:07","guid":{"rendered":"https:\/\/same-group.com\/vision-art-camp-2022\/"},"modified":"2023-01-21T11:40:14","modified_gmt":"2023-01-21T11:40:14","slug":"vision-art-camp-2022","status":"publish","type":"post","link":"https:\/\/same-group.com\/de\/vision-art-camp-2022\/","title":{"rendered":"Vision Art Camp 2022"},"content":{"rendered":"<div class=\"wpb-content-wrapper\"><p>[vc_row row_height_percent=&#8220;0&#8243; override_padding=&#8220;yes&#8220; h_padding=&#8220;6&#8243; top_padding=&#8220;2&#8243; bottom_padding=&#8220;2&#8243; overlay_alpha=&#8220;50&#8243; gutter_size=&#8220;3&#8243; column_width_percent=&#8220;100&#8243; shift_y=&#8220;0&#8243; z_index=&#8220;0&#8243; uncode_shortcode_id=&#8220;875121&#8243; shape_dividers=&#8220;&#8220;][vc_column width=&#8220;1\/2&#8243;][vc_column_text uncode_shortcode_id=&#8220;209255&#8243;]<span class=\"font-134512\">Das allererste Event der Same Group!!!<\/span><\/p>\n<p><span class=\"font-134512\">Vision Art Festival bietet dir ein f\u00fcnft\u00e4giges Street Art Camp f\u00fcr Kinder von 6 bis 14 Jahren vom 08. bis 12. August 2022.<\/span><\/p>\n<p>Maximal 8 Kinder pro Gruppe.<\/p>\n<p><span class=\"font-134512\">Mit den K\u00fcnstlern: CRBZ, Rosalind Monks und Guillen.<br \/>\n<\/span><\/p>\n<ul>\n<li><span class=\"font-134512\">9:00 bis 12:00 Uhr<\/span><\/li>\n<li><span class=\"font-134512\">14 bis 17 Uhr<\/span><\/li>\n<li><span class=\"font-134512\">Oder den ganzen Tag (ohne Mahlzeiten).<\/span><\/li>\n<\/ul>\n<p><span class=\"font-134512\">CHF 400.00 pro Camp \/ 3 Stunden pro Tag.<\/span><\/p>\n<p><span class=\"font-134512\">Montag und Dienstag: Stiftung Opale<\/span><\/p>\n<p><span class=\"font-134512\">Mittwoch, Donnerstag und Freitag: Parkplatz Chetzeron.<\/span><\/p>\n<p><span class=\"font-134512\">Der VAF stellt dir das Material f\u00fcr dein Camp, die n\u00f6tige Schutzkleidung und dein VAF Art camp T-Shirt sowie Getr\u00e4nke\/Speisen zur Verf\u00fcgung. Du arbeitest mit den K\u00fcnstlern zusammen, um ein Kunstwerk im Parkhaus von Chetzeron zu schaffen! : !<\/span><\/p>\n<p><span class=\"font-134512\">Bei gro\u00dfer Nachfrage wird eine zus\u00e4tzliche Session vom 02. bis 05. August 2022 stattfinden.<br \/>\n<\/span>[\/vc_column_text][\/vc_column][vc_column width=&#8220;1\/2&#8243;][vc_single_image media=&#8220;118465&#8243; media_width_percent=&#8220;100&#8243; uncode_shortcode_id=&#8220;130554&#8243;][\/vc_column][\/vc_row]<\/p>\n<\/div>","protected":false},"excerpt":{"rendered":"<p>Das allererste Event der Same Group!!! That is unusual for an engineering student. After a long time I could witness the sunrise. I could feel the sun rays falling on my body. Usual morning is followed by hustle to make it to college on time.<\/p>\n","protected":false},"author":1,"featured_media":118467,"comment_status":"closed","ping_status":"closed","sticky":false,"template":"","format":"image","meta":{"footnotes":""},"categories":[115],"tags":[120,123,124,125],"class_list":["post-119851","post","type-post","status-publish","format-image","has-post-thumbnail","hentry","category-kunst","tag-crans-montana-de","tag-kunst","tag-sommercamp","tag-kinder","post_format-post-format-image"],"_links":{"self":[{"href":"https:\/\/same-group.com\/de\/wp-json\/wp\/v2\/posts\/119851","targetHints":{"allow":["GET"]}}],"collection":[{"href":"https:\/\/same-group.com\/de\/wp-json\/wp\/v2\/posts"}],"about":[{"href":"https:\/\/same-group.com\/de\/wp-json\/wp\/v2\/types\/post"}],"author":[{"embeddable":true,"href":"https:\/\/same-group.com\/de\/wp-json\/wp\/v2\/users\/1"}],"replies":[{"embeddable":true,"href":"https:\/\/same-group.com\/de\/wp-json\/wp\/v2\/comments?post=119851"}],"version-history":[{"count":2,"href":"https:\/\/same-group.com\/de\/wp-json\/wp\/v2\/posts\/119851\/revisions"}],"predecessor-version":[{"id":119853,"href":"https:\/\/same-group.com\/de\/wp-json\/wp\/v2\/posts\/119851\/revisions\/119853"}],"wp:featuredmedia":[{"embeddable":true,"href":"https:\/\/same-group.com\/de\/wp-json\/wp\/v2\/media\/118467"}],"wp:attachment":[{"href":"https:\/\/same-group.com\/de\/wp-json\/wp\/v2\/media?parent=119851"}],"wp:term":[{"taxonomy":"category","embeddable":true,"href":"https:\/\/same-group.com\/de\/wp-json\/wp\/v2\/categories?post=119851"},{"taxonomy":"post_tag","embeddable":true,"href":"https:\/\/same-group.com\/de\/wp-json\/wp\/v2\/tags?post=119851"}],"curies":[{"name":"wp","href":"https:\/\/api.w.org\/{rel}","templated":true}]}}