{"id":120999,"date":"2025-05-30T18:57:48","date_gmt":"2025-05-30T18:57:48","guid":{"rendered":"https:\/\/same-group.com\/?p=120999"},"modified":"2025-06-24T17:28:27","modified_gmt":"2025-06-24T17:28:27","slug":"ausstellung-an-ode-to-nature","status":"publish","type":"post","link":"https:\/\/same-group.com\/de\/ausstellung-an-ode-to-nature\/","title":{"rendered":"Ausstellung \u201eAn Ode to Nature\u201c."},"content":{"rendered":"<div class=\"wpb-content-wrapper\"><p>[vc_row][vc_column width=&#8220;1\/1&#8243;][vc_single_image media=&#8220;120981&#8243; media_width_percent=&#8220;100&#8243; uncode_shortcode_id=&#8220;980666&#8243;][\/vc_column][\/vc_row][vc_row][vc_column width=&#8220;1\/1&#8243;][vc_column_text uncode_shortcode_id=&#8220;196071&#8243;]Du 20 juin au 10 septembre 2024, nous avons le plaisir de pr\u00e9senter une magnifique exposition intitul\u00e9e &#8222;Une Ode \u00e0 la Nature&#8220; dans le somptueux H\u00f4tel Le Crans Ambassador de Crans Montana. Nous souhaitions mettre en avant la beaut\u00e9 \u00e9clatante de notre environnement et l&#8217;inspiration qu&#8217;elle offre \u00e0 des artistes de diff\u00e9rentes disciplines. Des photographies, des peintures et des sculptures ont \u00e9t\u00e9 expos\u00e9es pour vous \u00e9merveiller et vous inspirer.<\/p>\n<p><img decoding=\"async\" class=\"aligncenter size-full wp-image-120984\" src=\"https:\/\/same-group.com\/wp-content\/uploads\/2025\/05\/1.png.webp\" alt=\"\" width=\"259\" height=\"148\" \/><\/p>\n<p>&nbsp;<\/p>\n<p>&nbsp;<\/p>\n<p>&nbsp;<\/p>\n<p>[\/vc_column_text][\/vc_column][\/vc_row][vc_row][vc_column width=&#8220;1\/1&#8243;][vc_gallery el_id=&#8220;gallery-186691&#8243; medias=&#8220;120987,120990,120993,120963,120972,120975&#8243; gutter_size=&#8220;3&#8243; single_overlay_opacity=&#8220;50&#8243; single_padding=&#8220;2&#8243; uncode_shortcode_id=&#8220;448781&#8243;][\/vc_column][\/vc_row]<\/p>\n<\/div>","protected":false},"excerpt":{"rendered":"<p>[vc_row][vc_column width=&#8220;1\/1&#8243;][vc_single_image media=&#8220;120981&#8243; media_width_percent=&#8220;100&#8243; uncode_shortcode_id=&#8220;980666&#8243;][\/vc_column][\/vc_row][vc_row][vc_column width=&#8220;1\/1&#8243;][vc_column_text uncode_shortcode_id=&#8220;196071&#8243;]Du 20 juin au 10 septembre 2024, nous avons le plaisir de pr\u00e9senter une [&hellip;]<\/p>\n","protected":false},"author":1,"featured_media":120983,"comment_status":"closed","ping_status":"closed","sticky":false,"template":"","format":"standard","meta":{"footnotes":""},"categories":[115,118,225],"tags":[119,123,215],"class_list":["post-120999","post","type-post","status-publish","format-standard","has-post-thumbnail","hentry","category-kunst","category-crans-montana","category-marketing-de","tag-veranstaltungen","tag-kunst","tag-marketing-de"],"_links":{"self":[{"href":"https:\/\/same-group.com\/de\/wp-json\/wp\/v2\/posts\/120999","targetHints":{"allow":["GET"]}}],"collection":[{"href":"https:\/\/same-group.com\/de\/wp-json\/wp\/v2\/posts"}],"about":[{"href":"https:\/\/same-group.com\/de\/wp-json\/wp\/v2\/types\/post"}],"author":[{"embeddable":true,"href":"https:\/\/same-group.com\/de\/wp-json\/wp\/v2\/users\/1"}],"replies":[{"embeddable":true,"href":"https:\/\/same-group.com\/de\/wp-json\/wp\/v2\/comments?post=120999"}],"version-history":[{"count":7,"href":"https:\/\/same-group.com\/de\/wp-json\/wp\/v2\/posts\/120999\/revisions"}],"predecessor-version":[{"id":121096,"href":"https:\/\/same-group.com\/de\/wp-json\/wp\/v2\/posts\/120999\/revisions\/121096"}],"wp:featuredmedia":[{"embeddable":true,"href":"https:\/\/same-group.com\/de\/wp-json\/wp\/v2\/media\/120983"}],"wp:attachment":[{"href":"https:\/\/same-group.com\/de\/wp-json\/wp\/v2\/media?parent=120999"}],"wp:term":[{"taxonomy":"category","embeddable":true,"href":"https:\/\/same-group.com\/de\/wp-json\/wp\/v2\/categories?post=120999"},{"taxonomy":"post_tag","embeddable":true,"href":"https:\/\/same-group.com\/de\/wp-json\/wp\/v2\/tags?post=120999"}],"curies":[{"name":"wp","href":"https:\/\/api.w.org\/{rel}","templated":true}]}}