{"id":121170,"date":"2025-06-24T19:08:54","date_gmt":"2025-06-24T19:08:54","guid":{"rendered":"https:\/\/same-group.com\/?p=121170"},"modified":"2025-06-24T19:09:59","modified_gmt":"2025-06-24T19:09:59","slug":"summer-is-here","status":"publish","type":"post","link":"https:\/\/same-group.com\/de\/summer-is-here\/","title":{"rendered":"Summer is Here"},"content":{"rendered":"<div class=\"wpb-content-wrapper\"><p>[vc_row][vc_column][vc_gallery el_id=&#8220;gallery-807808&#8243; medias=&#8220;121136&#8243; gutter_size=&#8220;3&#8243; single_overlay_opacity=&#8220;50&#8243; single_padding=&#8220;2&#8243; uncode_shortcode_id=&#8220;185783&#8243;][vc_column_text uncode_shortcode_id=&#8220;825928&#8243;]<\/p>\n<h1><strong>K\u00fcnstler: <a href=\"https:\/\/antonyomarest.es\">Antonio Marest<\/a><\/strong><\/h1>\n<p>Daten: Die Ausstellung beginnt heute und l\u00e4uft bis zur Schlie\u00dfung des <a href=\"https:\/\/www.cransambassador.ch\/en\/?gad_source=1&amp;gad_campaignid=12886801814&amp;gbraid=0AAAAABbASvFdSXCjPjWoqA1cZfCqwY0R9&amp;gclid=CjwKCAjwmenCBhA4EiwAtVjzmut2V0OLZRFswgpyUfNuDvgidbkAMsFA04nPuiVwOnv6xKMWmaRV3RoCioIQAvD_BwE\"><strong>Crans Ambassador Hotels<\/strong><\/a> nach der Somhttps:\/\/antonyomarest.esmersaison (22. September 2025).<\/p>\n<p>Diese Ausstellung zeigt das au\u00dfergew\u00f6hnliche Talent von Antonio Marest, dessen Werke eine wahre Feier des Sommers und des Lebens sind. Durch lebendige und farbenfrohe Szenen weckt Marest Emotionen und sonnige Erinnerungen und entf\u00fchrt die Zuschauer in eine Welt, in der jede Farbe und Form eine Geschichte erz\u00e4hlt.<\/p>\n<p>Er ist bekannt f\u00fcr seine F\u00e4higkeit, traditionelle spanische Kunst mit zeitgen\u00f6ssischen Elementen zu verbinden, und schafft dynamische und ansprechende Kompositionen. Seine Kunst ist oft von der Natur und der Kultur inspiriert.<\/p>\n<p>Die Skulpturen, Gem\u00e4lde und Zeichnungen von <a href=\"https:\/\/antonyomarest.es\"><strong>Antonio Marest<\/strong><\/a> sind atemberaubend, und Sie werden sie bewundern k\u00f6nnen, w\u00e4hrend Sie k\u00f6stliche Cocktails genie\u00dfen. Der Barkeeper wird sich freuen, exquisite Cocktails nach Ihrem Geschmack zu mixen.<\/p>\n<p>Wir haben noch weitere spannende Aktivit\u00e4ten mit dem K\u00fcnstler geplant, darunter eine Live-Show. Bleiben Sie also dran f\u00fcr unsere Updates! Sie k\u00f6nnen uns auch eine E-Mail senden, um unseren Newsletter sowie private Einladungen zu diesen Veranstaltungen zu erhalten, insbesondere wenn Sie noch nicht Teil unserer Kunstsammler oder Freunde der <a href=\"https:\/\/same-group.com\">Same Group<\/a> sind. Bitte schreiben Sie uns an: <strong>info@same-group.com<\/strong>.<\/p>\n<p>Wir freuen uns darauf, Sie im atemberaubenden Ambiente des <a href=\"https:\/\/www.cransambassador.ch\/en\/?gad_source=1&amp;gad_campaignid=12886801814&amp;gbraid=0AAAAABbASvFdSXCjPjWoqA1cZfCqwY0R9&amp;gclid=CjwKCAjwmenCBhA4EiwAtVjzmut2V0OLZRFswgpyUfNuDvgidbkAMsFA04nPuiVwOnv6xKMWmaRV3RoCioIQAvD_BwE\"><strong>H\u00f4tel Du Crans Ambassador<\/strong><\/a> willkommen zu hei\u00dfen \u2013 der perfekten Location, um die Kunst von Antonio zu sch\u00e4tzen.<\/p>\n<p>Z\u00f6gern Sie bitte nicht, uns bei Fragen zu kontaktieren oder um dieses Event n\u00e4her zu besprechen.<\/p>\n<p>Wir freuen uns darauf, Sie kennenzulernen!<\/p>\n<p>[\/vc_column_text][vc_gallery el_id=&#8220;gallery-807808&#8243; medias=&#8220;121118,121115,121112,121157,121142,121130&#8243; gutter_size=&#8220;3&#8243; single_overlay_opacity=&#8220;50&#8243; single_padding=&#8220;2&#8243; uncode_shortcode_id=&#8220;203441&#8243;][\/vc_column][\/vc_row]<\/p>\n<\/div>","protected":false},"excerpt":{"rendered":"<p>[vc_row][vc_column][vc_gallery el_id=&#8220;gallery-807808&#8243; medias=&#8220;121136&#8243; gutter_size=&#8220;3&#8243; single_overlay_opacity=&#8220;50&#8243; single_padding=&#8220;2&#8243; uncode_shortcode_id=&#8220;185783&#8243;][vc_column_text uncode_shortcode_id=&#8220;825928&#8243;] K\u00fcnstler: Antonio Marest Daten: Die Ausstellung beginnt heute und l\u00e4uft bis zur [&hellip;]<\/p>\n","protected":false},"author":1,"featured_media":121141,"comment_status":"closed","ping_status":"closed","sticky":false,"template":"","format":"standard","meta":{"footnotes":""},"categories":[115,224,225],"tags":[215,216,227,228,229],"class_list":["post-121170","post","type-post","status-publish","format-standard","has-post-thumbnail","hentry","category-kunst","category-events-de","category-marketing-de","tag-marketing-de","tag-show-de","tag-vip-de","tag-art-de","tag-evenements-de"],"_links":{"self":[{"href":"https:\/\/same-group.com\/de\/wp-json\/wp\/v2\/posts\/121170","targetHints":{"allow":["GET"]}}],"collection":[{"href":"https:\/\/same-group.com\/de\/wp-json\/wp\/v2\/posts"}],"about":[{"href":"https:\/\/same-group.com\/de\/wp-json\/wp\/v2\/types\/post"}],"author":[{"embeddable":true,"href":"https:\/\/same-group.com\/de\/wp-json\/wp\/v2\/users\/1"}],"replies":[{"embeddable":true,"href":"https:\/\/same-group.com\/de\/wp-json\/wp\/v2\/comments?post=121170"}],"version-history":[{"count":6,"href":"https:\/\/same-group.com\/de\/wp-json\/wp\/v2\/posts\/121170\/revisions"}],"predecessor-version":[{"id":121182,"href":"https:\/\/same-group.com\/de\/wp-json\/wp\/v2\/posts\/121170\/revisions\/121182"}],"wp:featuredmedia":[{"embeddable":true,"href":"https:\/\/same-group.com\/de\/wp-json\/wp\/v2\/media\/121141"}],"wp:attachment":[{"href":"https:\/\/same-group.com\/de\/wp-json\/wp\/v2\/media?parent=121170"}],"wp:term":[{"taxonomy":"category","embeddable":true,"href":"https:\/\/same-group.com\/de\/wp-json\/wp\/v2\/categories?post=121170"},{"taxonomy":"post_tag","embeddable":true,"href":"https:\/\/same-group.com\/de\/wp-json\/wp\/v2\/tags?post=121170"}],"curies":[{"name":"wp","href":"https:\/\/api.w.org\/{rel}","templated":true}]}}