{"id":121218,"date":"2025-06-26T15:06:04","date_gmt":"2025-06-26T15:06:04","guid":{"rendered":"https:\/\/same-group.com\/?p=121218"},"modified":"2025-06-26T15:17:38","modified_gmt":"2025-06-26T15:17:38","slug":"vernissage-summe-is-here","status":"publish","type":"post","link":"https:\/\/same-group.com\/de\/vernissage-summe-is-here\/","title":{"rendered":"Vernissage Summe is Here"},"content":{"rendered":"<h1><\/h1>\n<h1><img decoding=\"async\" class=\"wp-image-121206 alignleft\" src=\"https:\/\/same-group.com\/wp-content\/uploads\/2025\/06\/cartel-vaf2-story.jpg-169x300.jpeg\" alt=\"\" width=\"248\" height=\"441\" srcset=\"https:\/\/same-group.com\/wp-content\/uploads\/2025\/06\/cartel-vaf2-story.jpg-169x300.jpeg 169w, https:\/\/same-group.com\/wp-content\/uploads\/2025\/06\/cartel-vaf2-story.jpg-576x1024.jpeg 576w, https:\/\/same-group.com\/wp-content\/uploads\/2025\/06\/cartel-vaf2-story.jpg-768x1365.jpeg 768w, https:\/\/same-group.com\/wp-content\/uploads\/2025\/06\/cartel-vaf2-story.jpg-864x1536.jpeg 864w, https:\/\/same-group.com\/wp-content\/uploads\/2025\/06\/cartel-vaf2-story.jpg-1152x2048.jpeg 1152w, https:\/\/same-group.com\/wp-content\/uploads\/2025\/06\/cartel-vaf2-story.jpg-350x622.jpeg 350w, https:\/\/same-group.com\/wp-content\/uploads\/2025\/06\/cartel-vaf2-story.jpg-scaled.jpeg 1440w\" sizes=\"(max-width: 248px) 100vw, 248px\" \/><\/h1>\n<h1>Einladung zur Vernissage &#8211; &#8222;Summer is Here&#8220;<\/h1>\n<p><a href=\"http:\/\/same-group.com\"><strong>SAME Group<\/strong><\/a> und das<a href=\"https:\/\/www.cransambassador.ch\"><strong> Crans Ambassador<\/strong><\/a> freuen sich, Sie zur Vernissage der Ausstellung &#8222;<strong>Summer is Here<\/strong>&#8220; einzuladen.<\/p>\n<p>Datum: 11. Juli<br \/>\nUhrzeit: 18:30 Uhr<br \/>\nOrt: <a href=\"https:\/\/www.cransambassador.ch\"><strong>Crans Ambassador<\/strong><\/a><br \/>\nArtiste: <a href=\"https:\/\/antonyomarest.es\">Antonio Marest\u00a0<\/a><\/p>\n<p>Begleiten Sie uns zu einem festlichen Abend, an dem Kreativit\u00e4t und Sommer im Mittelpunkt stehen. Es wird eine Gelegenheit sein, inspirierende Kunstwerke zu entdecken und einen geselligen Moment bei einem Glas zu teilen.<\/p>\n<p>Wir w\u00fcrden uns freuen, Sie bei uns begr\u00fc\u00dfen zu d\u00fcrfen!<\/p>\n<p>Wir freuen uns auf Ihr Kommen,<br \/>\nSAME Group<\/p>\n","protected":false},"excerpt":{"rendered":"<p>Einladung zur Vernissage &#8211; &#8222;Summer is Here&#8220; SAME Group und das Crans Ambassador freuen sich, Sie zur Vernissage der Ausstellung [&hellip;]<\/p>\n","protected":false},"author":1,"featured_media":121211,"comment_status":"closed","ping_status":"closed","sticky":false,"template":"","format":"standard","meta":{"footnotes":""},"categories":[115,224],"tags":[216,228,229],"class_list":["post-121218","post","type-post","status-publish","format-standard","has-post-thumbnail","hentry","category-kunst","category-events-de","tag-show-de","tag-art-de","tag-evenements-de"],"_links":{"self":[{"href":"https:\/\/same-group.com\/de\/wp-json\/wp\/v2\/posts\/121218","targetHints":{"allow":["GET"]}}],"collection":[{"href":"https:\/\/same-group.com\/de\/wp-json\/wp\/v2\/posts"}],"about":[{"href":"https:\/\/same-group.com\/de\/wp-json\/wp\/v2\/types\/post"}],"author":[{"embeddable":true,"href":"https:\/\/same-group.com\/de\/wp-json\/wp\/v2\/users\/1"}],"replies":[{"embeddable":true,"href":"https:\/\/same-group.com\/de\/wp-json\/wp\/v2\/comments?post=121218"}],"version-history":[{"count":2,"href":"https:\/\/same-group.com\/de\/wp-json\/wp\/v2\/posts\/121218\/revisions"}],"predecessor-version":[{"id":121222,"href":"https:\/\/same-group.com\/de\/wp-json\/wp\/v2\/posts\/121218\/revisions\/121222"}],"wp:featuredmedia":[{"embeddable":true,"href":"https:\/\/same-group.com\/de\/wp-json\/wp\/v2\/media\/121211"}],"wp:attachment":[{"href":"https:\/\/same-group.com\/de\/wp-json\/wp\/v2\/media?parent=121218"}],"wp:term":[{"taxonomy":"category","embeddable":true,"href":"https:\/\/same-group.com\/de\/wp-json\/wp\/v2\/categories?post=121218"},{"taxonomy":"post_tag","embeddable":true,"href":"https:\/\/same-group.com\/de\/wp-json\/wp\/v2\/tags?post=121218"}],"curies":[{"name":"wp","href":"https:\/\/api.w.org\/{rel}","templated":true}]}}